{"id":92,"date":"2016-05-10T15:03:02","date_gmt":"2016-05-10T15:03:02","guid":{"rendered":"http:\/\/pfila-live.cvjm-eltingen.de\/?p=92"},"modified":"2025-10-22T21:08:05","modified_gmt":"2025-10-22T19:08:05","slug":"packhinweise","status":"publish","type":"post","link":"https:\/\/cvjm-eltingen.de\/pfila-live\/2016\/packhinweise\/","title":{"rendered":"Packhinweise"},"content":{"rendered":"<div class=\"wpb-content-wrapper\"><p>[vc_row][vc_column][vc_empty_space][vc_column_text]Die bisherige Wettervorhersage ist nicht gerade sonnig&#8230;wir trotzen aber jedem Wetter und werden am Samstag auf jeden Fall ins Zeltlager starten!<\/p>\n<p>Wir haben aber f\u00fcr das anstehende Packen noch ein paar Tips f\u00fcr Sie:<\/p>\n<ul>\n<li>geben Sie Ihrem Kind eine W\u00e4rmflasche mit. Das kann bei kalten N\u00e4chten das Einschlafen sehr erleichtern. Wir haben damit sehr gute Erfahrungen gemacht!<\/li>\n<li>eine Extrahose und auch Socken k\u00f6nnen bei Regen nicht schaden, denn die Klamotten werden nicht schnell trocknen und deshalb ist der Bedarf etwas h\u00f6her.<\/li>\n<li>packen Sie Ihrem Kind gute wasserabweisende Schuhe ein. Das k\u00f6nnen Wanderschuhe oder auch einfach Gummistiefel sein. Aber trockene F\u00fc\u00dfe sind sehr wichtig, um sich wohlzuf\u00fchlen!<\/li>\n<li>auch wenn es noch nach Regen aussieht: wir rechnen immer noch mit Sonnenschein und bitten Sie deshalb nicht die Sonnencreme und die M\u00fctze Zuhause zu lassen!<\/li>\n<\/ul>\n<p>[\/vc_column_text][vc_empty_space][\/vc_column][\/vc_row]<\/p>\n<\/div>","protected":false},"excerpt":{"rendered":"<p>[vc_row][vc_column][vc_empty_space][vc_column_text]Die bisherige Wettervorhersage ist nicht gerade sonnig&#8230;wir trotzen aber jedem Wetter und werden am Samstag auf jeden Fall ins Zeltlager starten! Wir haben aber f\u00fcr das anstehende Packen noch ein paar Tips f\u00fcr Sie: geben Sie Ihrem Kind eine W\u00e4rmflasche mit. Das kann bei kalten N\u00e4chten das Einschlafen sehr erleichtern. Wir haben damit sehr gute&hellip;<\/p>\n","protected":false},"author":2,"featured_media":94,"comment_status":"closed","ping_status":"open","sticky":false,"template":"","format":"standard","meta":{"footnotes":""},"categories":[2],"tags":[],"class_list":{"0":"post-92","1":"post","2":"type-post","3":"status-publish","4":"format-standard","5":"has-post-thumbnail","6":"hentry","7":"category-2","9":"description-off"},"_links":{"self":[{"href":"https:\/\/cvjm-eltingen.de\/pfila-live\/wp-json\/wp\/v2\/posts\/92","targetHints":{"allow":["GET"]}}],"collection":[{"href":"https:\/\/cvjm-eltingen.de\/pfila-live\/wp-json\/wp\/v2\/posts"}],"about":[{"href":"https:\/\/cvjm-eltingen.de\/pfila-live\/wp-json\/wp\/v2\/types\/post"}],"author":[{"embeddable":true,"href":"https:\/\/cvjm-eltingen.de\/pfila-live\/wp-json\/wp\/v2\/users\/2"}],"replies":[{"embeddable":true,"href":"https:\/\/cvjm-eltingen.de\/pfila-live\/wp-json\/wp\/v2\/comments?post=92"}],"version-history":[{"count":2,"href":"https:\/\/cvjm-eltingen.de\/pfila-live\/wp-json\/wp\/v2\/posts\/92\/revisions"}],"predecessor-version":[{"id":95,"href":"https:\/\/cvjm-eltingen.de\/pfila-live\/wp-json\/wp\/v2\/posts\/92\/revisions\/95"}],"wp:featuredmedia":[{"embeddable":true,"href":"https:\/\/cvjm-eltingen.de\/pfila-live\/wp-json\/wp\/v2\/media\/94"}],"wp:attachment":[{"href":"https:\/\/cvjm-eltingen.de\/pfila-live\/wp-json\/wp\/v2\/media?parent=92"}],"wp:term":[{"taxonomy":"category","embeddable":true,"href":"https:\/\/cvjm-eltingen.de\/pfila-live\/wp-json\/wp\/v2\/categories?post=92"},{"taxonomy":"post_tag","embeddable":true,"href":"https:\/\/cvjm-eltingen.de\/pfila-live\/wp-json\/wp\/v2\/tags?post=92"}],"curies":[{"name":"wp","href":"https:\/\/api.w.org\/{rel}","templated":true}]}}