{"id":836,"date":"2025-06-12T00:11:11","date_gmt":"2025-06-11T22:11:11","guid":{"rendered":"https:\/\/cvjm-eltingen.de\/pfila-live\/?p=836"},"modified":"2025-10-22T21:07:19","modified_gmt":"2025-10-22T19:07:19","slug":"jona-in-not-und-wir-helfen-ihm-raus","status":"publish","type":"post","link":"https:\/\/cvjm-eltingen.de\/pfila-live\/2019\/jona-in-not-und-wir-helfen-ihm-raus\/","title":{"rendered":"Jona in Not \u2013 und wir helfen ihm raus!"},"content":{"rendered":"\n<p>Auch heute startete unser Tag mit einem Geburtstagsst\u00e4ndchen beim Fr\u00fchst\u00fcck \u2013 alles Gute an das Geburtstagskind! Gest\u00e4rkt ging es dann weiter mit dem n\u00e4chsten Kapitel unserer Jona-Geschichte im Bibeltheater: Jona wird vom Schiff geworfen, um den tobenden Sturm zu bes\u00e4nftigen. Und tats\u00e4chlich \u2013 kaum ist Jona \u00fcber Bord, beruhigt sich das Meer.<\/p>\n\n\n\n<p>Doch damit ist seine Reise noch nicht vorbei: Ein riiiesiger Fisch verschluckt ihn! Gl\u00fcck im Ungl\u00fcck \u2013 oder war da etwa Gottes Plan im Spiel? Im Bauch des Fisches betet Jona, und siehe da: Er wird an Land gespuckt \u2013 lebendig und in Sicherheit. Diese spannende Etappe und viele mitrei\u00dfende Lieder haben wir gemeinsam beim Sing &amp; Pray erlebt.<\/p>\n\n\n\n<p>Anschlie\u00dfend ging\u2019s mit einem actionreichen Gel\u00e4ndespiel weiter: Ziel war es, ein gro\u00dfes Wal-Puzzle zu l\u00f6sen. Daf\u00fcr mussten die Gruppen an verschiedenen Stationen Aufgaben meistern, um die fehlenden Puzzleteile zu erspielen.<\/p>\n\n\n\n<p>Zum Mittagessen gab\u2019s dann einen echten Lagerklassiker: Kaiserschmarrn \u2013 aber nat\u00fcrlich erst, nachdem jede und jeder brav einen Teller Nudelsuppe verdr\u00fcckt hatte. \ud83d\ude09 <\/p>\n\n\n\n<p>Am Nachmittag stand dann ein echtes Highlight auf dem Programm \u2013 und vermutlich der aufwendigste Programmpunkt des gesamten Lagers: unser selbst gebauter Escape Room unter dem Motto \u201eRettet Jona aus dem Wal\u201c. In vier liebevoll und aufwendig gestalteten R\u00e4umen konnten die Kinder knifflige R\u00e4tsel l\u00f6sen, um Jona beim \u00dcberleben im Fisch zu helfen. Mit verschenkten M\u00f6beln, Deko und kreativen Aufgaben wurde das Erlebnis richtig greifbar. <\/p>\n\n\n\n<p>Am Abend wurde es dann ruhiger: An verschiedenen Stationen konnten die Kinder zur Ruhe kommen, nachdenken, kreativ werden und neue Impulse sammeln. Dieser Lagertag endet mit Stockbrot am Feuer. Wir freuen uns schon auf morgen. <\/p>\n\n\n\n<figure class=\"wp-block-image size-large is-resized\"><img loading=\"lazy\" decoding=\"async\" width=\"1024\" height=\"683\" src=\"https:\/\/cvjm-eltingen.de\/pfila-live\/wp-content\/uploads\/sites\/5\/2025\/06\/LSA8198-min-1024x683.jpg\" alt=\"\" class=\"wp-image-837\" style=\"width:706px;height:auto\" srcset=\"https:\/\/cvjm-eltingen.de\/pfila-live\/wp-content\/uploads\/sites\/5\/2025\/06\/LSA8198-min-1024x683.jpg 1024w, https:\/\/cvjm-eltingen.de\/pfila-live\/wp-content\/uploads\/sites\/5\/2025\/06\/LSA8198-min-300x200.jpg 300w, https:\/\/cvjm-eltingen.de\/pfila-live\/wp-content\/uploads\/sites\/5\/2025\/06\/LSA8198-min-768x512.jpg 768w, https:\/\/cvjm-eltingen.de\/pfila-live\/wp-content\/uploads\/sites\/5\/2025\/06\/LSA8198-min-1536x1024.jpg 1536w, https:\/\/cvjm-eltingen.de\/pfila-live\/wp-content\/uploads\/sites\/5\/2025\/06\/LSA8198-min-2048x1365.jpg 2048w\" sizes=\"auto, (max-width: 1024px) 100vw, 1024px\" \/><\/figure>\n\n\n\n<figure class=\"wp-block-image size-large is-resized\"><img loading=\"lazy\" decoding=\"async\" width=\"683\" height=\"1024\" src=\"https:\/\/cvjm-eltingen.de\/pfila-live\/wp-content\/uploads\/sites\/5\/2025\/06\/LSA8216-min-683x1024.jpg\" alt=\"\" class=\"wp-image-838\" style=\"width:466px;height:auto\" srcset=\"https:\/\/cvjm-eltingen.de\/pfila-live\/wp-content\/uploads\/sites\/5\/2025\/06\/LSA8216-min-683x1024.jpg 683w, https:\/\/cvjm-eltingen.de\/pfila-live\/wp-content\/uploads\/sites\/5\/2025\/06\/LSA8216-min-200x300.jpg 200w, https:\/\/cvjm-eltingen.de\/pfila-live\/wp-content\/uploads\/sites\/5\/2025\/06\/LSA8216-min-768x1152.jpg 768w, https:\/\/cvjm-eltingen.de\/pfila-live\/wp-content\/uploads\/sites\/5\/2025\/06\/LSA8216-min-1024x1536.jpg 1024w, https:\/\/cvjm-eltingen.de\/pfila-live\/wp-content\/uploads\/sites\/5\/2025\/06\/LSA8216-min-1365x2048.jpg 1365w, https:\/\/cvjm-eltingen.de\/pfila-live\/wp-content\/uploads\/sites\/5\/2025\/06\/LSA8216-min-scaled.jpg 1707w\" sizes=\"auto, (max-width: 683px) 100vw, 683px\" \/><\/figure>\n\n\n\n<figure class=\"wp-block-image size-large is-resized\"><img loading=\"lazy\" decoding=\"async\" width=\"1024\" height=\"683\" src=\"https:\/\/cvjm-eltingen.de\/pfila-live\/wp-content\/uploads\/sites\/5\/2025\/06\/LSA8237-min-1024x683.jpg\" alt=\"\" class=\"wp-image-839\" style=\"width:648px;height:auto\" srcset=\"https:\/\/cvjm-eltingen.de\/pfila-live\/wp-content\/uploads\/sites\/5\/2025\/06\/LSA8237-min-1024x683.jpg 1024w, https:\/\/cvjm-eltingen.de\/pfila-live\/wp-content\/uploads\/sites\/5\/2025\/06\/LSA8237-min-300x200.jpg 300w, https:\/\/cvjm-eltingen.de\/pfila-live\/wp-content\/uploads\/sites\/5\/2025\/06\/LSA8237-min-768x512.jpg 768w, https:\/\/cvjm-eltingen.de\/pfila-live\/wp-content\/uploads\/sites\/5\/2025\/06\/LSA8237-min-1536x1024.jpg 1536w, https:\/\/cvjm-eltingen.de\/pfila-live\/wp-content\/uploads\/sites\/5\/2025\/06\/LSA8237-min-2048x1365.jpg 2048w\" sizes=\"auto, (max-width: 1024px) 100vw, 1024px\" \/><\/figure>\n\n\n\n<figure class=\"wp-block-image size-large is-resized\"><img loading=\"lazy\" decoding=\"async\" width=\"1024\" height=\"683\" src=\"https:\/\/cvjm-eltingen.de\/pfila-live\/wp-content\/uploads\/sites\/5\/2025\/06\/LSA8317-min-1024x683.jpg\" alt=\"\" class=\"wp-image-840\" style=\"width:690px;height:auto\" srcset=\"https:\/\/cvjm-eltingen.de\/pfila-live\/wp-content\/uploads\/sites\/5\/2025\/06\/LSA8317-min-1024x683.jpg 1024w, https:\/\/cvjm-eltingen.de\/pfila-live\/wp-content\/uploads\/sites\/5\/2025\/06\/LSA8317-min-300x200.jpg 300w, https:\/\/cvjm-eltingen.de\/pfila-live\/wp-content\/uploads\/sites\/5\/2025\/06\/LSA8317-min-768x512.jpg 768w, https:\/\/cvjm-eltingen.de\/pfila-live\/wp-content\/uploads\/sites\/5\/2025\/06\/LSA8317-min-1536x1024.jpg 1536w, https:\/\/cvjm-eltingen.de\/pfila-live\/wp-content\/uploads\/sites\/5\/2025\/06\/LSA8317-min-2048x1365.jpg 2048w\" sizes=\"auto, (max-width: 1024px) 100vw, 1024px\" \/><\/figure>\n\n\n\n<figure class=\"wp-block-image size-large is-resized\"><img loading=\"lazy\" decoding=\"async\" width=\"683\" height=\"1024\" src=\"https:\/\/cvjm-eltingen.de\/pfila-live\/wp-content\/uploads\/sites\/5\/2025\/06\/LSA8551-min-683x1024.jpg\" alt=\"\" class=\"wp-image-841\" style=\"width:418px;height:auto\" srcset=\"https:\/\/cvjm-eltingen.de\/pfila-live\/wp-content\/uploads\/sites\/5\/2025\/06\/LSA8551-min-683x1024.jpg 683w, https:\/\/cvjm-eltingen.de\/pfila-live\/wp-content\/uploads\/sites\/5\/2025\/06\/LSA8551-min-200x300.jpg 200w, https:\/\/cvjm-eltingen.de\/pfila-live\/wp-content\/uploads\/sites\/5\/2025\/06\/LSA8551-min-768x1152.jpg 768w, https:\/\/cvjm-eltingen.de\/pfila-live\/wp-content\/uploads\/sites\/5\/2025\/06\/LSA8551-min-1024x1536.jpg 1024w, https:\/\/cvjm-eltingen.de\/pfila-live\/wp-content\/uploads\/sites\/5\/2025\/06\/LSA8551-min-1365x2048.jpg 1365w, https:\/\/cvjm-eltingen.de\/pfila-live\/wp-content\/uploads\/sites\/5\/2025\/06\/LSA8551-min-scaled.jpg 1707w\" sizes=\"auto, (max-width: 683px) 100vw, 683px\" \/><\/figure>\n","protected":false},"excerpt":{"rendered":"<p>Auch heute startete unser Tag mit einem Geburtstagsst\u00e4ndchen beim Fr\u00fchst\u00fcck \u2013 alles Gute an das Geburtstagskind! Gest\u00e4rkt ging es dann weiter mit dem n\u00e4chsten Kapitel unserer Jona-Geschichte im Bibeltheater: Jona wird vom Schiff geworfen, um den tobenden Sturm zu bes\u00e4nftigen. Und tats\u00e4chlich \u2013 kaum ist Jona \u00fcber Bord, beruhigt sich das Meer. Doch damit ist&hellip;<\/p>\n","protected":false},"author":15,"featured_media":0,"comment_status":"closed","ping_status":"closed","sticky":false,"template":"","format":"standard","meta":{"footnotes":""},"categories":[8],"tags":[],"class_list":{"0":"post-836","1":"post","2":"type-post","3":"status-publish","4":"format-standard","5":"hentry","6":"category-8","8":"description-off"},"_links":{"self":[{"href":"https:\/\/cvjm-eltingen.de\/pfila-live\/wp-json\/wp\/v2\/posts\/836","targetHints":{"allow":["GET"]}}],"collection":[{"href":"https:\/\/cvjm-eltingen.de\/pfila-live\/wp-json\/wp\/v2\/posts"}],"about":[{"href":"https:\/\/cvjm-eltingen.de\/pfila-live\/wp-json\/wp\/v2\/types\/post"}],"author":[{"embeddable":true,"href":"https:\/\/cvjm-eltingen.de\/pfila-live\/wp-json\/wp\/v2\/users\/15"}],"replies":[{"embeddable":true,"href":"https:\/\/cvjm-eltingen.de\/pfila-live\/wp-json\/wp\/v2\/comments?post=836"}],"version-history":[{"count":1,"href":"https:\/\/cvjm-eltingen.de\/pfila-live\/wp-json\/wp\/v2\/posts\/836\/revisions"}],"predecessor-version":[{"id":842,"href":"https:\/\/cvjm-eltingen.de\/pfila-live\/wp-json\/wp\/v2\/posts\/836\/revisions\/842"}],"wp:attachment":[{"href":"https:\/\/cvjm-eltingen.de\/pfila-live\/wp-json\/wp\/v2\/media?parent=836"}],"wp:term":[{"taxonomy":"category","embeddable":true,"href":"https:\/\/cvjm-eltingen.de\/pfila-live\/wp-json\/wp\/v2\/categories?post=836"},{"taxonomy":"post_tag","embeddable":true,"href":"https:\/\/cvjm-eltingen.de\/pfila-live\/wp-json\/wp\/v2\/tags?post=836"}],"curies":[{"name":"wp","href":"https:\/\/api.w.org\/{rel}","templated":true}]}}