{"id":478,"date":"2019-06-14T08:25:56","date_gmt":"2019-06-14T06:25:56","guid":{"rendered":"https:\/\/cvjm-eltingen.de\/pfila-live\/?p=478"},"modified":"2025-10-22T21:07:37","modified_gmt":"2025-10-22T19:07:37","slug":"die-koffer-sind-gepackt","status":"publish","type":"post","link":"https:\/\/cvjm-eltingen.de\/pfila-live\/2019\/die-koffer-sind-gepackt\/","title":{"rendered":"Die Koffer sind gepackt"},"content":{"rendered":"<p>Das letzte mal Fr\u00fchsport, das letzte mal Fr\u00fchst\u00fcck, das letzte mal sp\u00fclen- das erste mal alles picco bello aufr\u00e4umen und packen. Der letzte Tag ist gekommen und die Gef\u00fchle sind gemischt- einerseits w\u00e4chst die Vorfreude auf zuhause und die Familie und andererseits werden wir die Gemeinschaft hier, das Programm und einfach die Zeit super vermissen&#8230;<br \/>\nAber jetzt freuen wir uns erst einmal auf den Abschlussgottesdienst und vor allem auf Sie! ?<\/p>\n<p style=\"text-align: center\"><img loading=\"lazy\" decoding=\"async\" class=\"alignnone size-medium wp-image-475\" src=\"https:\/\/cvjm-eltingen.de\/pfila-live\/wp-content\/uploads\/sites\/5\/2019\/06\/WhatsApp-Image-2019-06-14-at-00.55.20-8-169x300.jpeg\" alt=\"\" width=\"169\" height=\"300\" srcset=\"https:\/\/cvjm-eltingen.de\/pfila-live\/wp-content\/uploads\/sites\/5\/2019\/06\/WhatsApp-Image-2019-06-14-at-00.55.20-8-169x300.jpeg 169w, https:\/\/cvjm-eltingen.de\/pfila-live\/wp-content\/uploads\/sites\/5\/2019\/06\/WhatsApp-Image-2019-06-14-at-00.55.20-8.jpeg 577w\" sizes=\"auto, (max-width: 169px) 100vw, 169px\" \/><\/p>\n","protected":false},"excerpt":{"rendered":"<p>Das letzte mal Fr\u00fchsport, das letzte mal Fr\u00fchst\u00fcck, das letzte mal sp\u00fclen- das erste mal alles picco bello aufr\u00e4umen und packen. Der letzte Tag ist gekommen und die Gef\u00fchle sind gemischt- einerseits w\u00e4chst die Vorfreude auf zuhause und die Familie und andererseits werden wir die Gemeinschaft hier, das Programm und einfach die Zeit super vermissen&#8230;&hellip;<\/p>\n","protected":false},"author":9,"featured_media":470,"comment_status":"closed","ping_status":"closed","sticky":false,"template":"","format":"standard","meta":{"footnotes":""},"categories":[8],"tags":[],"class_list":{"0":"post-478","1":"post","2":"type-post","3":"status-publish","4":"format-standard","5":"has-post-thumbnail","6":"hentry","7":"category-8","9":"description-off"},"_links":{"self":[{"href":"https:\/\/cvjm-eltingen.de\/pfila-live\/wp-json\/wp\/v2\/posts\/478","targetHints":{"allow":["GET"]}}],"collection":[{"href":"https:\/\/cvjm-eltingen.de\/pfila-live\/wp-json\/wp\/v2\/posts"}],"about":[{"href":"https:\/\/cvjm-eltingen.de\/pfila-live\/wp-json\/wp\/v2\/types\/post"}],"author":[{"embeddable":true,"href":"https:\/\/cvjm-eltingen.de\/pfila-live\/wp-json\/wp\/v2\/users\/9"}],"replies":[{"embeddable":true,"href":"https:\/\/cvjm-eltingen.de\/pfila-live\/wp-json\/wp\/v2\/comments?post=478"}],"version-history":[{"count":1,"href":"https:\/\/cvjm-eltingen.de\/pfila-live\/wp-json\/wp\/v2\/posts\/478\/revisions"}],"predecessor-version":[{"id":479,"href":"https:\/\/cvjm-eltingen.de\/pfila-live\/wp-json\/wp\/v2\/posts\/478\/revisions\/479"}],"wp:featuredmedia":[{"embeddable":true,"href":"https:\/\/cvjm-eltingen.de\/pfila-live\/wp-json\/wp\/v2\/media\/470"}],"wp:attachment":[{"href":"https:\/\/cvjm-eltingen.de\/pfila-live\/wp-json\/wp\/v2\/media?parent=478"}],"wp:term":[{"taxonomy":"category","embeddable":true,"href":"https:\/\/cvjm-eltingen.de\/pfila-live\/wp-json\/wp\/v2\/categories?post=478"},{"taxonomy":"post_tag","embeddable":true,"href":"https:\/\/cvjm-eltingen.de\/pfila-live\/wp-json\/wp\/v2\/tags?post=478"}],"curies":[{"name":"wp","href":"https:\/\/api.w.org\/{rel}","templated":true}]}}