{"id":449,"date":"2019-06-11T08:06:13","date_gmt":"2019-06-11T06:06:13","guid":{"rendered":"https:\/\/cvjm-eltingen.de\/pfila-live\/?p=449"},"modified":"2025-10-22T21:07:37","modified_gmt":"2025-10-22T19:07:37","slug":"erster-tag-erster-rekord","status":"publish","type":"post","link":"https:\/\/cvjm-eltingen.de\/pfila-live\/2019\/erster-tag-erster-rekord\/","title":{"rendered":"Erster Tag &#8211; Erster Rekord"},"content":{"rendered":"<p>Schon am Morgen wartete die erste Pr\u00fcfung: die Teili`s\u00a0 konnten beim Fr\u00fchsport in Form eines Mitarbeiter-gegen- Teilnehmer-Fu\u00dfballturniers zeigen was sie drauf haben ??\u26bd<br \/>\nNach dem Fr\u00fchst\u00fcck stiegen wir in unsrer Bibelzeit thematisch in unsere Daniel-Geschichte ein.<br \/>\nUnd auch dieses Jahr \u00fcbertrafen sich einige Teili`s und konnten den letzten Maultaschen-Rekord des letzten Jahres mit stolzen 14 Maultaschen brechen\u00a0??<\/p>\n<p style=\"text-align: left\">Wie auch Daniel in unserer Geschichte, mit Gottes Hilfe, den Traum des K\u00f6nigs deuten sollte entschl\u00fcsselten die Teili`s im anschlie\u00dfenden Spiel den Traum des K\u00f6nigs. Mit lautem Gesang und coolen Workshops im Anschluss fiel der leichte Regen schon gar nicht mehr auf und konnten den Abend mit einem letzten gemeinsamen Spiel, bei dem die Teili\u00b4s gegen die Mitarbeiter antreten sollten, erfolgreich ausklingen lassen. Mal sehen was uns noch die kommenden Tage so alles erwarten wird\u00a0?.<\/p>\n<p style=\"text-align: center\"><img loading=\"lazy\" decoding=\"async\" class=\"alignnone size-medium wp-image-453\" src=\"https:\/\/cvjm-eltingen.de\/pfila-live\/wp-content\/uploads\/sites\/5\/2019\/06\/IMG_8666_3-300x214.jpg\" alt=\"\" width=\"300\" height=\"214\" srcset=\"https:\/\/cvjm-eltingen.de\/pfila-live\/wp-content\/uploads\/sites\/5\/2019\/06\/IMG_8666_3-300x214.jpg 300w, https:\/\/cvjm-eltingen.de\/pfila-live\/wp-content\/uploads\/sites\/5\/2019\/06\/IMG_8666_3-768x548.jpg 768w, https:\/\/cvjm-eltingen.de\/pfila-live\/wp-content\/uploads\/sites\/5\/2019\/06\/IMG_8666_3-1024x731.jpg 1024w\" sizes=\"auto, (max-width: 300px) 100vw, 300px\" \/><img loading=\"lazy\" decoding=\"async\" class=\"size-medium wp-image-454 aligncenter\" src=\"https:\/\/cvjm-eltingen.de\/pfila-live\/wp-content\/uploads\/sites\/5\/2019\/06\/IMG_8819-300x200.jpg\" alt=\"\" width=\"300\" height=\"200\" srcset=\"https:\/\/cvjm-eltingen.de\/pfila-live\/wp-content\/uploads\/sites\/5\/2019\/06\/IMG_8819-300x200.jpg 300w, https:\/\/cvjm-eltingen.de\/pfila-live\/wp-content\/uploads\/sites\/5\/2019\/06\/IMG_8819-768x512.jpg 768w, https:\/\/cvjm-eltingen.de\/pfila-live\/wp-content\/uploads\/sites\/5\/2019\/06\/IMG_8819-1024x682.jpg 1024w, https:\/\/cvjm-eltingen.de\/pfila-live\/wp-content\/uploads\/sites\/5\/2019\/06\/IMG_8819.jpg 1732w\" sizes=\"auto, (max-width: 300px) 100vw, 300px\" \/><\/p>\n","protected":false},"excerpt":{"rendered":"<p>Schon am Morgen wartete die erste Pr\u00fcfung: die Teili`s\u00a0 konnten beim Fr\u00fchsport in Form eines Mitarbeiter-gegen- Teilnehmer-Fu\u00dfballturniers zeigen was sie drauf haben ??\u26bd Nach dem Fr\u00fchst\u00fcck stiegen wir in unsrer Bibelzeit thematisch in unsere Daniel-Geschichte ein. Und auch dieses Jahr \u00fcbertrafen sich einige Teili`s und konnten den letzten Maultaschen-Rekord des letzten Jahres mit stolzen 14&hellip;<\/p>\n","protected":false},"author":9,"featured_media":480,"comment_status":"closed","ping_status":"closed","sticky":false,"template":"","format":"standard","meta":{"footnotes":""},"categories":[8],"tags":[],"class_list":{"0":"post-449","1":"post","2":"type-post","3":"status-publish","4":"format-standard","5":"has-post-thumbnail","6":"hentry","7":"category-8","9":"description-off"},"_links":{"self":[{"href":"https:\/\/cvjm-eltingen.de\/pfila-live\/wp-json\/wp\/v2\/posts\/449","targetHints":{"allow":["GET"]}}],"collection":[{"href":"https:\/\/cvjm-eltingen.de\/pfila-live\/wp-json\/wp\/v2\/posts"}],"about":[{"href":"https:\/\/cvjm-eltingen.de\/pfila-live\/wp-json\/wp\/v2\/types\/post"}],"author":[{"embeddable":true,"href":"https:\/\/cvjm-eltingen.de\/pfila-live\/wp-json\/wp\/v2\/users\/9"}],"replies":[{"embeddable":true,"href":"https:\/\/cvjm-eltingen.de\/pfila-live\/wp-json\/wp\/v2\/comments?post=449"}],"version-history":[{"count":1,"href":"https:\/\/cvjm-eltingen.de\/pfila-live\/wp-json\/wp\/v2\/posts\/449\/revisions"}],"predecessor-version":[{"id":455,"href":"https:\/\/cvjm-eltingen.de\/pfila-live\/wp-json\/wp\/v2\/posts\/449\/revisions\/455"}],"wp:featuredmedia":[{"embeddable":true,"href":"https:\/\/cvjm-eltingen.de\/pfila-live\/wp-json\/wp\/v2\/media\/480"}],"wp:attachment":[{"href":"https:\/\/cvjm-eltingen.de\/pfila-live\/wp-json\/wp\/v2\/media?parent=449"}],"wp:term":[{"taxonomy":"category","embeddable":true,"href":"https:\/\/cvjm-eltingen.de\/pfila-live\/wp-json\/wp\/v2\/categories?post=449"},{"taxonomy":"post_tag","embeddable":true,"href":"https:\/\/cvjm-eltingen.de\/pfila-live\/wp-json\/wp\/v2\/tags?post=449"}],"curies":[{"name":"wp","href":"https:\/\/api.w.org\/{rel}","templated":true}]}}