{"id":340,"date":"2018-05-23T07:52:24","date_gmt":"2018-05-23T07:52:24","guid":{"rendered":"http:\/\/pfila-live.cvjm-eltingen.de\/?p=340"},"modified":"2025-10-22T21:07:51","modified_gmt":"2025-10-22T19:07:51","slug":"wasser-marsch","status":"publish","type":"post","link":"https:\/\/cvjm-eltingen.de\/pfila-live\/2018\/wasser-marsch\/","title":{"rendered":"Wasser marsch!"},"content":{"rendered":"<p>Eine kurze Statutsmeldung an alle Daheimgebliebenen:<\/p>\n<p><strong>Uns geht es gut!<\/strong><\/p>\n<p>&nbsp;<\/p>\n<p>Im Rems-Murr-Kreis laufen die Keller voll und prasselt der Hagel auf die H\u00e4user. Ein kleiner Zeltplatz im Welzheimer Wald bleibt jedoch verschont. Ja- es hat geregnet und ja einen Programmpunkt haben wir improvisiert. Leider k\u00f6nnen wir uns derzeit nicht mit Sonnencreme einschmieren und br\u00e4unen, aber unsere mitgebrachten Pullis sind auch sch\u00f6n \ud83d\ude42 Dieser Wettersegen ist ein gro\u00dfartiges Geschenk von unserem Gott und daf\u00fcr loben wir ihn heute doppelt so laut wie sonst!<\/p>\n<p>Derzeit ist es trocken und unser gr\u00f6\u00dftes Problem sind die feuchten Schuhe. Aber das bekommen hin!<\/p>\n","protected":false},"excerpt":{"rendered":"<p>Eine kurze Statutsmeldung an alle Daheimgebliebenen: Uns geht es gut! &nbsp; Im Rems-Murr-Kreis laufen die Keller voll und prasselt der Hagel auf die H\u00e4user. Ein kleiner Zeltplatz im Welzheimer Wald bleibt jedoch verschont. Ja- es hat geregnet und ja einen Programmpunkt haben wir improvisiert. Leider k\u00f6nnen wir uns derzeit nicht mit Sonnencreme einschmieren und br\u00e4unen,&hellip;<\/p>\n","protected":false},"author":2,"featured_media":341,"comment_status":"closed","ping_status":"open","sticky":false,"template":"","format":"standard","meta":{"footnotes":""},"categories":[6],"tags":[],"class_list":{"0":"post-340","1":"post","2":"type-post","3":"status-publish","4":"format-standard","5":"has-post-thumbnail","6":"hentry","7":"category-6","9":"description-off"},"_links":{"self":[{"href":"https:\/\/cvjm-eltingen.de\/pfila-live\/wp-json\/wp\/v2\/posts\/340","targetHints":{"allow":["GET"]}}],"collection":[{"href":"https:\/\/cvjm-eltingen.de\/pfila-live\/wp-json\/wp\/v2\/posts"}],"about":[{"href":"https:\/\/cvjm-eltingen.de\/pfila-live\/wp-json\/wp\/v2\/types\/post"}],"author":[{"embeddable":true,"href":"https:\/\/cvjm-eltingen.de\/pfila-live\/wp-json\/wp\/v2\/users\/2"}],"replies":[{"embeddable":true,"href":"https:\/\/cvjm-eltingen.de\/pfila-live\/wp-json\/wp\/v2\/comments?post=340"}],"version-history":[{"count":2,"href":"https:\/\/cvjm-eltingen.de\/pfila-live\/wp-json\/wp\/v2\/posts\/340\/revisions"}],"predecessor-version":[{"id":343,"href":"https:\/\/cvjm-eltingen.de\/pfila-live\/wp-json\/wp\/v2\/posts\/340\/revisions\/343"}],"wp:featuredmedia":[{"embeddable":true,"href":"https:\/\/cvjm-eltingen.de\/pfila-live\/wp-json\/wp\/v2\/media\/341"}],"wp:attachment":[{"href":"https:\/\/cvjm-eltingen.de\/pfila-live\/wp-json\/wp\/v2\/media?parent=340"}],"wp:term":[{"taxonomy":"category","embeddable":true,"href":"https:\/\/cvjm-eltingen.de\/pfila-live\/wp-json\/wp\/v2\/categories?post=340"},{"taxonomy":"post_tag","embeddable":true,"href":"https:\/\/cvjm-eltingen.de\/pfila-live\/wp-json\/wp\/v2\/tags?post=340"}],"curies":[{"name":"wp","href":"https:\/\/api.w.org\/{rel}","templated":true}]}}