{"id":322,"date":"2018-05-21T21:26:09","date_gmt":"2018-05-21T21:26:09","guid":{"rendered":"https:\/\/pfila-live.cvjm-eltingen.de\/?p=322"},"modified":"2025-10-22T21:07:51","modified_gmt":"2025-10-22T19:07:51","slug":"vorsicht-zecken","status":"publish","type":"post","link":"https:\/\/cvjm-eltingen.de\/pfila-live\/2018\/vorsicht-zecken\/","title":{"rendered":"Los geht\u00b4s!"},"content":{"rendered":"<p>Die erste Nacht ist erfolgreich \u00fcberstanden und voller Motivation starteten wir in den neuen Tag. Nach einem ausgiebigen Fr\u00fchst\u00fcck, bei dem wir unsere beiden Geburtstagskinder gefeiert haben, begannen wir unsere erste Hauskreiszeit.<\/p>\n<p><img loading=\"lazy\" decoding=\"async\" class=\"alignnone size-medium wp-image-332\" src=\"http:\/\/pfila-live.cvjm-eltingen.de\/wp-content\/uploads\/2018\/05\/IMG_95221-300x225.jpg\" alt=\"\" width=\"300\" height=\"225\" srcset=\"https:\/\/cvjm-eltingen.de\/pfila-live\/wp-content\/uploads\/sites\/5\/2018\/05\/IMG_95221-300x225.jpg 300w, https:\/\/cvjm-eltingen.de\/pfila-live\/wp-content\/uploads\/sites\/5\/2018\/05\/IMG_95221-768x576.jpg 768w, https:\/\/cvjm-eltingen.de\/pfila-live\/wp-content\/uploads\/sites\/5\/2018\/05\/IMG_95221-1024x768.jpg 1024w\" sizes=\"auto, (max-width: 300px) 100vw, 300px\" \/>\u00a0 \u00a0<img loading=\"lazy\" decoding=\"async\" class=\"alignnone wp-image-324 size-medium\" src=\"http:\/\/pfila-live.cvjm-eltingen.de\/wp-content\/uploads\/2018\/05\/IMG_95941-e1526993752373-225x300.jpg\" alt=\"\" width=\"225\" height=\"300\" srcset=\"https:\/\/cvjm-eltingen.de\/pfila-live\/wp-content\/uploads\/sites\/5\/2018\/05\/IMG_95941-e1526993752373-225x300.jpg 225w, https:\/\/cvjm-eltingen.de\/pfila-live\/wp-content\/uploads\/sites\/5\/2018\/05\/IMG_95941-e1526993752373-768x1024.jpg 768w\" sizes=\"auto, (max-width: 225px) 100vw, 225px\" \/><\/p>\n<p>Bei den zahlreichen Workshop-Angeboten konnte jedes Kind etwas geeignetes f\u00fcr sich finden.<\/p>\n<p><img loading=\"lazy\" decoding=\"async\" class=\"alignnone wp-image-326 size-medium\" src=\"http:\/\/pfila-live.cvjm-eltingen.de\/wp-content\/uploads\/2018\/05\/IMG_95561-e1526993606914-225x300.jpg\" alt=\"\" width=\"225\" height=\"300\" srcset=\"https:\/\/cvjm-eltingen.de\/pfila-live\/wp-content\/uploads\/sites\/5\/2018\/05\/IMG_95561-e1526993606914-225x300.jpg 225w, https:\/\/cvjm-eltingen.de\/pfila-live\/wp-content\/uploads\/sites\/5\/2018\/05\/IMG_95561-e1526993606914-768x1024.jpg 768w\" sizes=\"auto, (max-width: 225px) 100vw, 225px\" \/>\u00a0 \u00a0\u00a0<img loading=\"lazy\" decoding=\"async\" class=\"alignnone wp-image-327 size-medium\" src=\"http:\/\/pfila-live.cvjm-eltingen.de\/wp-content\/uploads\/2018\/05\/IMG_95771-e1526993654380-225x300.jpg\" alt=\"\" width=\"225\" height=\"300\" srcset=\"https:\/\/cvjm-eltingen.de\/pfila-live\/wp-content\/uploads\/sites\/5\/2018\/05\/IMG_95771-e1526993654380-225x300.jpg 225w, https:\/\/cvjm-eltingen.de\/pfila-live\/wp-content\/uploads\/sites\/5\/2018\/05\/IMG_95771-e1526993654380-768x1024.jpg 768w\" sizes=\"auto, (max-width: 225px) 100vw, 225px\" \/><\/p>\n<p>Danach ging es ab in den Wald um Stratego 4.0 zu spielen. Trotz Wurzeln, Dornen und Gestr\u00fcpp rannten die Kinder begeistert durch den Wald um ihre Flagge zu verteidigen. Beim Abendessen wurde dann das gro\u00dfe Siegerteam bekanntgegeben und wir starteten unser Abendprogramm. Dabei lernten die Kinder alltagsnah kennen, wie es Saulus erging als er blind war. Der Abend wurde anschlie\u00dfend mit einem Stockbrot am Lagerfeuer abgerundet.<\/p>\n<p><img loading=\"lazy\" decoding=\"async\" class=\"alignnone size-medium wp-image-330\" src=\"http:\/\/pfila-live.cvjm-eltingen.de\/wp-content\/uploads\/2018\/05\/IMG_96181-300x225.jpg\" alt=\"\" width=\"300\" height=\"225\" srcset=\"https:\/\/cvjm-eltingen.de\/pfila-live\/wp-content\/uploads\/sites\/5\/2018\/05\/IMG_96181-300x225.jpg 300w, https:\/\/cvjm-eltingen.de\/pfila-live\/wp-content\/uploads\/sites\/5\/2018\/05\/IMG_96181-768x576.jpg 768w, https:\/\/cvjm-eltingen.de\/pfila-live\/wp-content\/uploads\/sites\/5\/2018\/05\/IMG_96181-1024x768.jpg 1024w\" sizes=\"auto, (max-width: 300px) 100vw, 300px\" \/>\u00a0 \u00a0<img loading=\"lazy\" decoding=\"async\" class=\"alignnone size-medium wp-image-329\" src=\"http:\/\/pfila-live.cvjm-eltingen.de\/wp-content\/uploads\/2018\/05\/IMG_96111-300x225.jpg\" alt=\"\" width=\"300\" height=\"225\" srcset=\"https:\/\/cvjm-eltingen.de\/pfila-live\/wp-content\/uploads\/sites\/5\/2018\/05\/IMG_96111-300x225.jpg 300w, https:\/\/cvjm-eltingen.de\/pfila-live\/wp-content\/uploads\/sites\/5\/2018\/05\/IMG_96111-768x576.jpg 768w, https:\/\/cvjm-eltingen.de\/pfila-live\/wp-content\/uploads\/sites\/5\/2018\/05\/IMG_96111-1024x768.jpg 1024w\" sizes=\"auto, (max-width: 300px) 100vw, 300px\" \/><\/p>\n<p>Jetzt wo die Teilnehmer im Bett liegen k\u00f6nnen auch wir Mitarbeiter so langsam Richtung Bett gehen \ud83d\ude09<\/p>\n","protected":false},"excerpt":{"rendered":"<p>Die erste Nacht ist erfolgreich \u00fcberstanden und voller Motivation starteten wir in den neuen Tag. Nach einem ausgiebigen Fr\u00fchst\u00fcck, bei dem wir unsere beiden Geburtstagskinder gefeiert haben, begannen wir unsere erste Hauskreiszeit. \u00a0 \u00a0 Bei den zahlreichen Workshop-Angeboten konnte jedes Kind etwas geeignetes f\u00fcr sich finden. \u00a0 \u00a0\u00a0 Danach ging es ab in den Wald&hellip;<\/p>\n","protected":false},"author":5,"featured_media":331,"comment_status":"closed","ping_status":"open","sticky":false,"template":"","format":"standard","meta":{"footnotes":""},"categories":[6],"tags":[],"class_list":{"0":"post-322","1":"post","2":"type-post","3":"status-publish","4":"format-standard","5":"has-post-thumbnail","6":"hentry","7":"category-6","9":"description-off"},"_links":{"self":[{"href":"https:\/\/cvjm-eltingen.de\/pfila-live\/wp-json\/wp\/v2\/posts\/322","targetHints":{"allow":["GET"]}}],"collection":[{"href":"https:\/\/cvjm-eltingen.de\/pfila-live\/wp-json\/wp\/v2\/posts"}],"about":[{"href":"https:\/\/cvjm-eltingen.de\/pfila-live\/wp-json\/wp\/v2\/types\/post"}],"author":[{"embeddable":true,"href":"https:\/\/cvjm-eltingen.de\/pfila-live\/wp-json\/wp\/v2\/users\/5"}],"replies":[{"embeddable":true,"href":"https:\/\/cvjm-eltingen.de\/pfila-live\/wp-json\/wp\/v2\/comments?post=322"}],"version-history":[{"count":4,"href":"https:\/\/cvjm-eltingen.de\/pfila-live\/wp-json\/wp\/v2\/posts\/322\/revisions"}],"predecessor-version":[{"id":334,"href":"https:\/\/cvjm-eltingen.de\/pfila-live\/wp-json\/wp\/v2\/posts\/322\/revisions\/334"}],"wp:featuredmedia":[{"embeddable":true,"href":"https:\/\/cvjm-eltingen.de\/pfila-live\/wp-json\/wp\/v2\/media\/331"}],"wp:attachment":[{"href":"https:\/\/cvjm-eltingen.de\/pfila-live\/wp-json\/wp\/v2\/media?parent=322"}],"wp:term":[{"taxonomy":"category","embeddable":true,"href":"https:\/\/cvjm-eltingen.de\/pfila-live\/wp-json\/wp\/v2\/categories?post=322"},{"taxonomy":"post_tag","embeddable":true,"href":"https:\/\/cvjm-eltingen.de\/pfila-live\/wp-json\/wp\/v2\/tags?post=322"}],"curies":[{"name":"wp","href":"https:\/\/api.w.org\/{rel}","templated":true}]}}