{"id":188,"date":"2016-07-15T06:48:05","date_gmt":"2016-07-15T06:48:05","guid":{"rendered":"http:\/\/pfila-live.cvjm-eltingen.de\/?p=188"},"modified":"2025-10-22T21:08:05","modified_gmt":"2025-10-22T19:08:05","slug":"erinnerung-nachtreffen","status":"publish","type":"post","link":"https:\/\/cvjm-eltingen.de\/pfila-live\/2016\/erinnerung-nachtreffen\/","title":{"rendered":"Erinnerung: Nachtreffen"},"content":{"rendered":"<div class=\"wpb-content-wrapper\"><p>[vc_row][vc_column][vc_empty_space]<div class=\"dt-fancy-separator h3-size accent-title-color\" style=\"width: 100%;\"><div class=\"dt-fancy-title\"><span class=\"separator-holder separator-left\"><\/span>Erinnerung <span class=\"separator-holder separator-right\"><\/span><\/div><\/div>[vc_empty_space][vc_column_text]Am Sonntag (17. Juli) wollen wir f\u00fcr einen Nachmittag das Pfila-Feeling zur\u00fcckholen. Mit Gel\u00e4ndespielen, lustigen Aufgaben, gutem Essen, Lagerfeuer und Stockbrot wird so einige Highlights geben und wir freuen uns auf viele Gesichter von euch.<\/p>\n<p>&nbsp;<\/p>\n<p>Alles Material f\u00fcr einen Eiskaffee f\u00fcr Mama und Papa ist eingekauft, es wird als Besonderheit sogar Pommes geben und unheimlich viiiiele leckere Kuchen.<\/p>\n<p>&nbsp;<\/p>\n<p>Kommt am Sonntag ab 14 Uhr vorbei und genie\u00dft einen sonnigen Tag mit uns.[\/vc_column_text][vc_empty_space]<div class=\"hr-thin style-line accent-border-color\" style=\"width: 100%;border-top-width: 1px;\"><\/div>[vc_empty_space]<div id=\"uvc-type-wrap-8264\"  data-ultimate-target='#uvc-type-wrap-8264'  data-responsive-json-new='{\"font-size\":\"\",\"line-height\":\"\"}'  class=\"uvc-type-wrap  ult-adjust-bottom-margin ult-responsive  uvc-type-align-center uvc-type-no-prefix uvc-wrap-152940084069f48c2046314\" style=\"text-align:center;\"><div id=\"vticker-152940084069f48c2046314\"  data-ultimate-target=&#039;#uvc-type-wrap-8264&#039;  data-responsive-json-new=&#039;{&quot;font-size&quot;:&quot;&quot;,&quot;line-height&quot;:&quot;&quot;}&#039;  class=\"ultimate-vticker ticker  \" style=\"color:#dd3333; font-weight:bold; text-transform: unset;\"><ul><li style=&quot;opacity:1&quot;>Bilder CD und die Anmeldung f\u00fcrs n\u00e4chste Pfila auch gleich abholen!<\/li><\/ul><\/div><script type=\"text\/javascript\">\n\t\t\t\t\t\tjQuery(function($){\n\t\t\t\t\t\t\t$(document).ready(function(){\n\t\t\t\t\t\t\t\tif( typeof jQuery(\"#vticker-152940084069f48c2046314\").easyTicker == \"function\"){\n\t\t\t\t\t\t\t\t\t$(\"#vticker-152940084069f48c2046314\").find(\"li\").css(\"opacity\",\"1\");\n\t\t\t\t\t\t\t\t\t\n\t\t\t\t\t\t\t\t\t$(\"#vticker-152940084069f48c2046314\").easyTicker({\n\t\t\t\t\t\t\t\t\t\tdirection: \"up\",\n\t\t\t\t\t\t\t\t\t\teasing: \"swing\",\n\t\t\t\t\t\t\t\t\t\tspeed: \"200\",\n\t\t\t\t\t\t\t\t\t\tinterval: \"3000\",\n\t\t\t\t\t\t\t\t\t\theight: \"auto\",\n\t\t\t\t\t\t\t\t\t\tvisible: \"1\",\n\t\t\t\t\t\t\t\t\t\tmousePause: \"0\",\n\t\t\t\t\t\t\t\t\t\tcontrols: {\n\t\t\t\t\t\t\t\t\t\t\tup: \"\",\n\t\t\t\t\t\t\t\t\t\t\tdown: \"\",\n\t\t\t\t\t\t\t\t\t\t\ttoggle: \"\",\n\t\t\t\t\t\t\t\t\t\t\tplayText: \"Play\",\n\t\t\t\t\t\t\t\t\t\t\tstopText: \"Stop\"\n\t\t\t\t\t\t\t\t\t\t}\n\t\t\t\t\t\t\t\t\t});\n\t\t\t\t\t\t\t\t}\n\t\t\t\t\t\t\t});\n\t\t\t\t\t\t});\n\t\t\t\t\t<\/script><\/div>[vc_empty_space][vc_empty_space][vc_cta h2=&#8220;mehr Infos &#8220; add_button=&#8220;right&#8220; btn_title=&#8220;Anfahrtsbeschreibung &#8220; add_icon=&#8220;top&#8220; i_icon_fontawesome=&#8220;fa fa-bicycle&#8220; i_color=&#8220;juicy_pink&#8220; btn_link=&#8220;url:http%3A%2F%2Fcvjm-eltingen.de%2Fplaetzle%2Fanfahrt%2F||&#8220;]Die Anfahrtsbeschreibung zu unserem Sommerheim im Tiefenbach &#8211; genannt &#8222;Pl\u00e4tzle&#8220; &#8211; finden Sie hier![\/vc_cta][vc_empty_space][\/vc_column][vc_column][\/vc_column][vc_column][\/vc_column][\/vc_row]<\/p>\n<\/div>","protected":false},"excerpt":{"rendered":"<p>[vc_row][vc_column][vc_empty_space][vc_empty_space][vc_column_text]Am Sonntag (17. Juli) wollen wir f\u00fcr einen Nachmittag das Pfila-Feeling zur\u00fcckholen. Mit Gel\u00e4ndespielen, lustigen Aufgaben, gutem Essen, Lagerfeuer und Stockbrot wird so einige Highlights geben und wir freuen uns auf viele Gesichter von euch. &nbsp; Alles Material f\u00fcr einen Eiskaffee f\u00fcr Mama und Papa ist eingekauft, es wird als Besonderheit sogar Pommes geben und&hellip;<\/p>\n","protected":false},"author":2,"featured_media":0,"comment_status":"closed","ping_status":"open","sticky":false,"template":"","format":"standard","meta":{"footnotes":""},"categories":[2],"tags":[],"class_list":{"0":"post-188","1":"post","2":"type-post","3":"status-publish","4":"format-standard","5":"hentry","6":"category-2","8":"description-off"},"_links":{"self":[{"href":"https:\/\/cvjm-eltingen.de\/pfila-live\/wp-json\/wp\/v2\/posts\/188","targetHints":{"allow":["GET"]}}],"collection":[{"href":"https:\/\/cvjm-eltingen.de\/pfila-live\/wp-json\/wp\/v2\/posts"}],"about":[{"href":"https:\/\/cvjm-eltingen.de\/pfila-live\/wp-json\/wp\/v2\/types\/post"}],"author":[{"embeddable":true,"href":"https:\/\/cvjm-eltingen.de\/pfila-live\/wp-json\/wp\/v2\/users\/2"}],"replies":[{"embeddable":true,"href":"https:\/\/cvjm-eltingen.de\/pfila-live\/wp-json\/wp\/v2\/comments?post=188"}],"version-history":[{"count":1,"href":"https:\/\/cvjm-eltingen.de\/pfila-live\/wp-json\/wp\/v2\/posts\/188\/revisions"}],"predecessor-version":[{"id":190,"href":"https:\/\/cvjm-eltingen.de\/pfila-live\/wp-json\/wp\/v2\/posts\/188\/revisions\/190"}],"wp:attachment":[{"href":"https:\/\/cvjm-eltingen.de\/pfila-live\/wp-json\/wp\/v2\/media?parent=188"}],"wp:term":[{"taxonomy":"category","embeddable":true,"href":"https:\/\/cvjm-eltingen.de\/pfila-live\/wp-json\/wp\/v2\/categories?post=188"},{"taxonomy":"post_tag","embeddable":true,"href":"https:\/\/cvjm-eltingen.de\/pfila-live\/wp-json\/wp\/v2\/tags?post=188"}],"curies":[{"name":"wp","href":"https:\/\/api.w.org\/{rel}","templated":true}]}}