{"id":180,"date":"2016-06-01T09:03:05","date_gmt":"2016-06-01T09:03:05","guid":{"rendered":"http:\/\/pfila-live.cvjm-eltingen.de\/?p=180"},"modified":"2025-10-22T21:08:05","modified_gmt":"2025-10-22T19:08:05","slug":"nachtreffen-am-17-juli","status":"publish","type":"post","link":"https:\/\/cvjm-eltingen.de\/pfila-live\/2016\/nachtreffen-am-17-juli\/","title":{"rendered":"Nachtreffen am 17. Juli"},"content":{"rendered":"<div class=\"wpb-content-wrapper\"><p>[vc_row][vc_column][vc_empty_space]<div class=\"dt-fancy-separator h2-size accent-title-color\" style=\"width: 100%;\"><div class=\"dt-fancy-title\"><span class=\"separator-holder separator-left\"><\/span>Herzliche Einladung <span class=\"separator-holder separator-right\"><\/span><\/div><\/div>[vc_empty_space][vc_column_text]Wir haben in diesem Jahr ein Nachtreffen f\u00fcr alle geplant! Wir freuen uns schon rie\u00dfig auf dem 17. Juli 2016 und auf einen sonnigen, bunten Nachmittag mit allen Kindern, Geschwistern und Eltern.<\/p>\n<p>Ab 14 Uhr laden wir Sie (mit allen Kindern, Hunden und Gro\u00dfeltern) ein auf unser Pl\u00e4tzle. Das ist unser Sommerheim im Tiefenbach bei Leonberg. Eine Wegbeschreibung finden Sie unten.<\/p>\n<p>Wir wollen das hei\u00dfbeliebte Stockbrot am Lagerfeuer &#8222;backen&#8220; und ein Gel\u00e4ndespiel machen, leckeren Kuchen haben wir f\u00fcr die Eltern im Angebot und bei besonders sch\u00f6nen Sonnenschein wollen wir Wasserbombenrugby spielen (Ersatzkleidung empfiehlt sich hier).<\/p>\n<p>[\/vc_column_text][vc_empty_space]<div class=\"standard-arrow list-divider bullet-top\"><ul>\n<li>Sie haben noch Fragen? Dann scheuen Sie sich nicht uns anzurufen\n<ul>\n<li>Katharina und Lukas Eichler<\/li>\n<li>lukas.eichler@gmail.com<\/li>\n<li>07152\/3199855<\/li>\n<\/ul>\n<\/li>\n<\/ul>\n<\/div>[vc_empty_space][vc_empty_space][vc_cta h2=&#8220;mehr Infos &#8220; style=&#8220;outline&#8220; color=&#8220;juicy-pink&#8220; add_button=&#8220;right&#8220; btn_title=&#8220;hier klicken&#8220; btn_color=&#8220;juicy-pink&#8220; btn_link=&#8220;url:http%3A%2F%2Fpfila-live.cvjm-eltingen.de%2Fwp-content%2Fuploads%2F2016%2F06%2Fcvjm-eltingen_jugendtage-2016-cards_LY-03.pdf||&#8220;]Uhrzeit, geplantes Programm und vieles Mehr finden Sie auf unserem Flyer im Anhang[\/vc_cta][vc_empty_space][\/vc_column][\/vc_row]<\/p>\n<\/div>","protected":false},"excerpt":{"rendered":"<p>[vc_row][vc_column][vc_empty_space][vc_empty_space][vc_column_text]Wir haben in diesem Jahr ein Nachtreffen f\u00fcr alle geplant! Wir freuen uns schon rie\u00dfig auf dem 17. Juli 2016 und auf einen sonnigen, bunten Nachmittag mit allen Kindern, Geschwistern und Eltern. Ab 14 Uhr laden wir Sie (mit allen Kindern, Hunden und Gro\u00dfeltern) ein auf unser Pl\u00e4tzle. Das ist unser Sommerheim im Tiefenbach bei&hellip;<\/p>\n","protected":false},"author":2,"featured_media":185,"comment_status":"closed","ping_status":"open","sticky":false,"template":"","format":"standard","meta":{"footnotes":""},"categories":[2],"tags":[],"class_list":{"0":"post-180","1":"post","2":"type-post","3":"status-publish","4":"format-standard","5":"has-post-thumbnail","6":"hentry","7":"category-2","9":"description-off"},"_links":{"self":[{"href":"https:\/\/cvjm-eltingen.de\/pfila-live\/wp-json\/wp\/v2\/posts\/180","targetHints":{"allow":["GET"]}}],"collection":[{"href":"https:\/\/cvjm-eltingen.de\/pfila-live\/wp-json\/wp\/v2\/posts"}],"about":[{"href":"https:\/\/cvjm-eltingen.de\/pfila-live\/wp-json\/wp\/v2\/types\/post"}],"author":[{"embeddable":true,"href":"https:\/\/cvjm-eltingen.de\/pfila-live\/wp-json\/wp\/v2\/users\/2"}],"replies":[{"embeddable":true,"href":"https:\/\/cvjm-eltingen.de\/pfila-live\/wp-json\/wp\/v2\/comments?post=180"}],"version-history":[{"count":4,"href":"https:\/\/cvjm-eltingen.de\/pfila-live\/wp-json\/wp\/v2\/posts\/180\/revisions"}],"predecessor-version":[{"id":186,"href":"https:\/\/cvjm-eltingen.de\/pfila-live\/wp-json\/wp\/v2\/posts\/180\/revisions\/186"}],"wp:featuredmedia":[{"embeddable":true,"href":"https:\/\/cvjm-eltingen.de\/pfila-live\/wp-json\/wp\/v2\/media\/185"}],"wp:attachment":[{"href":"https:\/\/cvjm-eltingen.de\/pfila-live\/wp-json\/wp\/v2\/media?parent=180"}],"wp:term":[{"taxonomy":"category","embeddable":true,"href":"https:\/\/cvjm-eltingen.de\/pfila-live\/wp-json\/wp\/v2\/categories?post=180"},{"taxonomy":"post_tag","embeddable":true,"href":"https:\/\/cvjm-eltingen.de\/pfila-live\/wp-json\/wp\/v2\/tags?post=180"}],"curies":[{"name":"wp","href":"https:\/\/api.w.org\/{rel}","templated":true}]}}